{"id":5677,"date":"2022-09-02T08:42:28","date_gmt":"2022-09-02T06:42:28","guid":{"rendered":"http:\/\/politikundrechterleben.uni-goettingen.de\/wordpress\/?p=5677"},"modified":"2022-09-02T18:06:32","modified_gmt":"2022-09-02T16:06:32","slug":"5677","status":"publish","type":"post","link":"https:\/\/politikundrechterleben.uni-goettingen.de\/wordpress\/2022\/09\/5677\/","title":{"rendered":"Unser Projekt zu Gast beim StadtRadio G\u00f6ttingen"},"content":{"rendered":"<div class=\"fusion-fullwidth fullwidth-box fusion-builder-row-1 fusion-flex-container nonhundred-percent-fullwidth non-hundred-percent-height-scrolling\" style=\"background-color: rgba(255,255,255,0);background-position: center center;background-repeat: no-repeat;border-width: 0px 0px 0px 0px;border-color:#eae9e9;border-style:solid;\" ><div class=\"fusion-builder-row fusion-row fusion-flex-align-items-flex-start\" style=\"max-width:1216.8px;margin-left: calc(-4% \/ 2 );margin-right: calc(-4% \/ 2 );\"><div class=\"fusion-layout-column fusion_builder_column fusion-builder-column-0 fusion_builder_column_2_3 2_3 fusion-flex-column\"><div class=\"fusion-column-wrapper fusion-flex-justify-content-flex-start fusion-content-layout-column\" style=\"background-position:left top;background-repeat:no-repeat;-webkit-background-size:cover;-moz-background-size:cover;-o-background-size:cover;background-size:cover;padding: 0px 0px 0px 0px;\"><style type=\"text\/css\">@media only screen and (max-width:1024px) {.fusion-title.fusion-title-1{margin-top:0px!important; margin-right:!important;margin-bottom:30px!important;margin-left:!important;}}<\/style><div class=\"fusion-title title fusion-title-1 fusion-title-text fusion-title-size-three\" style=\"margin-top:0px;margin-bottom:30px;\"><div class=\"title-sep-container title-sep-container-left fusion-no-large-visibility fusion-no-medium-visibility fusion-no-small-visibility\"><div class=\"title-sep sep-double sep-solid\" style=\"border-color:var(--awb-color5);\"><\/div><\/div><span class=\"awb-title-spacer fusion-no-large-visibility fusion-no-medium-visibility fusion-no-small-visibility\"><\/span><h3 class=\"title-heading-left fusion-responsive-typography-calculated\" style=\"font-family:&#039;Iowan Old Style&#039;, &#039;Apple Garamond&#039;, Baskerville, &#039;Times New Roman&#039;, &#039;Droid Serif&#039;, Times, &#039;Source Serif Pro&#039;, serif;font-weight:400;margin:0;text-transform:none;color:var(--awb-color4);--fontSize:25;line-height:var(--awb-typography1-line-height);\"><div>Unser Projekt zu Gast beim StadtRadio G\u00f6ttingen<\/div>\n<div><\/div><\/h3><span class=\"awb-title-spacer\"><\/span><div class=\"title-sep-container title-sep-container-right\"><div class=\"title-sep sep-double sep-solid\" style=\"border-color:var(--awb-color5);\"><\/div><\/div><\/div><\/div><style type=\"text\/css\">.fusion-body .fusion-builder-column-0{width:66.666666666667% !important;margin-top : 0px;margin-bottom : 20px;}.fusion-builder-column-0 > .fusion-column-wrapper {padding-top : 0px !important;padding-right : 0px !important;margin-right : 2.88%;padding-bottom : 0px !important;padding-left : 0px !important;margin-left : 2.88%;}@media only screen and (max-width:1024px) {.fusion-body .fusion-builder-column-0{width:100% !important;order : 0;}.fusion-builder-column-0 > .fusion-column-wrapper {margin-right : 1.92%;margin-left : 1.92%;}}@media only screen and (max-width:640px) {.fusion-body .fusion-builder-column-0{width:100% !important;order : 0;}.fusion-builder-column-0 > .fusion-column-wrapper {margin-right : 1.92%;margin-left : 1.92%;}}<\/style><\/div><div class=\"fusion-layout-column fusion_builder_column fusion-builder-column-1 fusion_builder_column_1_3 1_3 fusion-flex-column\"><div class=\"fusion-column-wrapper fusion-flex-justify-content-flex-start fusion-content-layout-column\" style=\"background-position:left top;background-repeat:no-repeat;-webkit-background-size:cover;-moz-background-size:cover;-o-background-size:cover;background-size:cover;padding: 0px 0px 0px 0px;\"><div ><span class=\" fusion-imageframe imageframe-none imageframe-1 hover-type-none\" style=\"max-width:60px;\"><img decoding=\"async\" width=\"245\" height=\"300\" title=\"StadtRadio\" src=\"https:\/\/politikundrechterleben.uni-goettingen.de\/wordpress\/wp-content\/uploads\/2022\/09\/StadtRadio.jpg\" data-orig-src=\"https:\/\/politikundrechterleben.uni-goettingen.de\/wordpress\/wp-content\/uploads\/2022\/09\/StadtRadio-245x300.jpg\" alt class=\"lazyload img-responsive wp-image-5679\" srcset=\"data:image\/svg+xml,%3Csvg%20xmlns%3D%27http%3A%2F%2Fwww.w3.org%2F2000%2Fsvg%27%20width%3D%27296%27%20height%3D%27363%27%20viewBox%3D%270%200%20296%20363%27%3E%3Crect%20width%3D%27296%27%20height%3D%27363%27%20fill-opacity%3D%220%22%2F%3E%3C%2Fsvg%3E\" data-srcset=\"https:\/\/politikundrechterleben.uni-goettingen.de\/wordpress\/wp-content\/uploads\/2022\/09\/StadtRadio-200x245.jpg 200w, https:\/\/politikundrechterleben.uni-goettingen.de\/wordpress\/wp-content\/uploads\/2022\/09\/StadtRadio.jpg 296w\" data-sizes=\"auto\" data-orig-sizes=\"(max-width: 1024px) 100vw, (max-width: 640px) 100vw, 245px\" \/><\/span><\/div><\/div><style type=\"text\/css\">.fusion-body .fusion-builder-column-1{width:33.333333333333% !important;margin-top : 0px;margin-bottom : 20px;}.fusion-builder-column-1 > .fusion-column-wrapper {padding-top : 0px !important;padding-right : 0px !important;margin-right : 5.76%;padding-bottom : 0px !important;padding-left : 0px !important;margin-left : 5.76%;}@media only screen and (max-width:1024px) {.fusion-body .fusion-builder-column-1{width:100% !important;order : 0;}.fusion-builder-column-1 > .fusion-column-wrapper {margin-right : 1.92%;margin-left : 1.92%;}}@media only screen and (max-width:640px) {.fusion-body .fusion-builder-column-1{width:100% !important;order : 0;}.fusion-builder-column-1 > .fusion-column-wrapper {margin-right : 1.92%;margin-left : 1.92%;}}<\/style><\/div><div class=\"fusion-layout-column fusion_builder_column fusion-builder-column-2 fusion_builder_column_1_1 1_1 fusion-flex-column\"><div class=\"fusion-column-wrapper fusion-flex-justify-content-flex-start fusion-content-layout-column\" style=\"background-position:left top;background-repeat:no-repeat;-webkit-background-size:cover;-moz-background-size:cover;-o-background-size:cover;background-size:cover;padding: 0px 0px 0px 0px;\"><div class=\"fusion-text fusion-text-1 fusion-text-split-columns fusion-text-columns-2\" style=\" -webkit-column-count:2; -webkit-column-gap:2em; -webkit-column-width:100px; -moz-column-count:2; -moz-column-gap:2em; -moz-column-width:100px; column-count:2; column-gap:2em; column-width:100px;font-family:&#039;Iowan Old Style&#039;, &#039;Apple Garamond&#039;, Baskerville, &#039;Times New Roman&#039;, &#039;Droid Serif&#039;, Times, &#039;Source Serif Pro&#039;, serif;font-weight:400;\"><p style=\"text-align: left;\">Vor kurzem hat Laura Krug, wissenschaftliche Mitarbeiterin am Institut f\u00fcr Politikwissenschaft, mit dem StadtRadio G\u00f6ttingen \u00fcber das Projekt, seine Ziele und den Ablauf gesprochen. H\u00f6ren Sie gerne rein!<\/p>\n<p>https:\/\/www.stadtradio-goettingen.de\/beitraege\/uni_und_wissenschaft\/projekt_politik_und_recht_erleben_zukunft_mitgestalten_uni_goettingen_sucht_interessierte_buergerinnenYour Content Goes Here<\/p>\n<\/div><\/div><style type=\"text\/css\">.fusion-body .fusion-builder-column-2{width:100% !important;margin-top : 0px;margin-bottom : 20px;}.fusion-builder-column-2 > .fusion-column-wrapper {padding-top : 0px !important;padding-right : 0px !important;margin-right : 1.92%;padding-bottom : 0px !important;padding-left : 0px !important;margin-left : 1.92%;}@media only screen and (max-width:1024px) {.fusion-body .fusion-builder-column-2{width:100% !important;order : 0;}.fusion-builder-column-2 > .fusion-column-wrapper {margin-right : 1.92%;margin-left : 1.92%;}}@media only screen and (max-width:640px) {.fusion-body .fusion-builder-column-2{width:100% !important;order : 0;}.fusion-builder-column-2 > .fusion-column-wrapper {margin-right : 1.92%;margin-left : 1.92%;}}<\/style><\/div><\/div><style type=\"text\/css\">.fusion-body .fusion-flex-container.fusion-builder-row-1{ padding-top : 0px;margin-top : 0px;padding-right : 0px;padding-bottom : 0px;margin-bottom : 0px;padding-left : 0px;}<\/style><\/div>\n","protected":false},"excerpt":{"rendered":"","protected":false},"author":3,"featured_media":5829,"comment_status":"open","ping_status":"open","sticky":false,"template":"","format":"standard","meta":{"footnotes":""},"categories":[1],"tags":[],"class_list":["post-5677","post","type-post","status-publish","format-standard","has-post-thumbnail","hentry","category-allgemein"],"yoast_head":"<!-- This site is optimized with the Yoast SEO plugin v20.0 - https:\/\/yoast.com\/wordpress\/plugins\/seo\/ -->\n<title>Unser Projekt zu Gast beim StadtRadio G\u00f6ttingen - Politik und Recht erleben<\/title>\n<meta name=\"robots\" content=\"index, follow, max-snippet:-1, max-image-preview:large, max-video-preview:-1\" \/>\n<link rel=\"canonical\" href=\"https:\/\/politikundrechterleben.uni-goettingen.de\/wordpress\/2022\/09\/5677\/\" \/>\n<meta property=\"og:locale\" content=\"de_DE\" \/>\n<meta property=\"og:type\" content=\"article\" \/>\n<meta property=\"og:title\" content=\"Unser Projekt zu Gast beim StadtRadio G\u00f6ttingen - Politik und Recht erleben\" \/>\n<meta property=\"og:url\" content=\"https:\/\/politikundrechterleben.uni-goettingen.de\/wordpress\/2022\/09\/5677\/\" \/>\n<meta property=\"og:site_name\" content=\"Politik und Recht erleben\" \/>\n<meta property=\"article:published_time\" content=\"2022-09-02T06:42:28+00:00\" \/>\n<meta property=\"article:modified_time\" content=\"2022-09-02T16:06:32+00:00\" \/>\n<meta property=\"og:image\" content=\"https:\/\/politikundrechterleben.uni-goettingen.de\/wordpress\/wp-content\/uploads\/2022\/09\/Bildschirmfoto-2022-09-02-um-18.05.14.png\" \/>\n\t<meta property=\"og:image:width\" content=\"495\" \/>\n\t<meta property=\"og:image:height\" content=\"495\" \/>\n\t<meta property=\"og:image:type\" content=\"image\/png\" \/>\n<meta name=\"author\" content=\"politikundrechterleben\" \/>\n<meta name=\"twitter:card\" content=\"summary_large_image\" \/>\n<meta name=\"twitter:label1\" content=\"Verfasst von\" \/>\n\t<meta name=\"twitter:data1\" content=\"politikundrechterleben\" \/>\n\t<meta name=\"twitter:label2\" content=\"Gesch\u00e4tzte Lesezeit\" \/>\n\t<meta name=\"twitter:data2\" content=\"8\u00a0Minuten\" \/>\n<script type=\"application\/ld+json\" class=\"yoast-schema-graph\">{\"@context\":\"https:\/\/schema.org\",\"@graph\":[{\"@type\":\"Article\",\"@id\":\"https:\/\/politikundrechterleben.uni-goettingen.de\/wordpress\/2022\/09\/5677\/#article\",\"isPartOf\":{\"@id\":\"https:\/\/politikundrechterleben.uni-goettingen.de\/wordpress\/2022\/09\/5677\/\"},\"author\":{\"name\":\"politikundrechterleben\",\"@id\":\"https:\/\/politikundrechterleben.uni-goettingen.de\/wordpress\/#\/schema\/person\/28cf77794d5e5da6baae01097f7f3b8e\"},\"headline\":\"Unser Projekt zu Gast beim StadtRadio G\u00f6ttingen\",\"datePublished\":\"2022-09-02T06:42:28+00:00\",\"dateModified\":\"2022-09-02T16:06:32+00:00\",\"mainEntityOfPage\":{\"@id\":\"https:\/\/politikundrechterleben.uni-goettingen.de\/wordpress\/2022\/09\/5677\/\"},\"wordCount\":1662,\"commentCount\":0,\"publisher\":{\"@id\":\"https:\/\/politikundrechterleben.uni-goettingen.de\/wordpress\/#organization\"},\"inLanguage\":\"de\",\"potentialAction\":[{\"@type\":\"CommentAction\",\"name\":\"Comment\",\"target\":[\"https:\/\/politikundrechterleben.uni-goettingen.de\/wordpress\/2022\/09\/5677\/#respond\"]}]},{\"@type\":\"WebPage\",\"@id\":\"https:\/\/politikundrechterleben.uni-goettingen.de\/wordpress\/2022\/09\/5677\/\",\"url\":\"https:\/\/politikundrechterleben.uni-goettingen.de\/wordpress\/2022\/09\/5677\/\",\"name\":\"Unser Projekt zu Gast beim StadtRadio G\u00f6ttingen - Politik und Recht erleben\",\"isPartOf\":{\"@id\":\"https:\/\/politikundrechterleben.uni-goettingen.de\/wordpress\/#website\"},\"datePublished\":\"2022-09-02T06:42:28+00:00\",\"dateModified\":\"2022-09-02T16:06:32+00:00\",\"breadcrumb\":{\"@id\":\"https:\/\/politikundrechterleben.uni-goettingen.de\/wordpress\/2022\/09\/5677\/#breadcrumb\"},\"inLanguage\":\"de\",\"potentialAction\":[{\"@type\":\"ReadAction\",\"target\":[\"https:\/\/politikundrechterleben.uni-goettingen.de\/wordpress\/2022\/09\/5677\/\"]}]},{\"@type\":\"BreadcrumbList\",\"@id\":\"https:\/\/politikundrechterleben.uni-goettingen.de\/wordpress\/2022\/09\/5677\/#breadcrumb\",\"itemListElement\":[{\"@type\":\"ListItem\",\"position\":1,\"name\":\"Startseite\",\"item\":\"https:\/\/politikundrechterleben.uni-goettingen.de\/wordpress\/\"},{\"@type\":\"ListItem\",\"position\":2,\"name\":\"Unser Projekt zu Gast beim StadtRadio G\u00f6ttingen\"}]},{\"@type\":\"WebSite\",\"@id\":\"https:\/\/politikundrechterleben.uni-goettingen.de\/wordpress\/#website\",\"url\":\"https:\/\/politikundrechterleben.uni-goettingen.de\/wordpress\/\",\"name\":\"Politik und Recht erleben\",\"description\":\"Die Seite zum Projekt &quot;Politik und Recht erleben&quot;\",\"publisher\":{\"@id\":\"https:\/\/politikundrechterleben.uni-goettingen.de\/wordpress\/#organization\"},\"potentialAction\":[{\"@type\":\"SearchAction\",\"target\":{\"@type\":\"EntryPoint\",\"urlTemplate\":\"https:\/\/politikundrechterleben.uni-goettingen.de\/wordpress\/?s={search_term_string}\"},\"query-input\":\"required name=search_term_string\"}],\"inLanguage\":\"de\"},{\"@type\":\"Organization\",\"@id\":\"https:\/\/politikundrechterleben.uni-goettingen.de\/wordpress\/#organization\",\"name\":\"Politik und Recht erleben Universit\u00e4t G\u00f6ttingen\",\"url\":\"https:\/\/politikundrechterleben.uni-goettingen.de\/wordpress\/\",\"logo\":{\"@type\":\"ImageObject\",\"inLanguage\":\"de\",\"@id\":\"https:\/\/politikundrechterleben.uni-goettingen.de\/wordpress\/#\/schema\/logo\/image\/\",\"url\":\"https:\/\/politikundrechterleben.uni-goettingen.de\/wordpress\/wp-content\/uploads\/2022\/12\/Skyline-scaled.jpg\",\"contentUrl\":\"https:\/\/politikundrechterleben.uni-goettingen.de\/wordpress\/wp-content\/uploads\/2022\/12\/Skyline-scaled.jpg\",\"width\":2560,\"height\":1919,\"caption\":\"Politik und Recht erleben Universit\u00e4t G\u00f6ttingen\"},\"image\":{\"@id\":\"https:\/\/politikundrechterleben.uni-goettingen.de\/wordpress\/#\/schema\/logo\/image\/\"}},{\"@type\":\"Person\",\"@id\":\"https:\/\/politikundrechterleben.uni-goettingen.de\/wordpress\/#\/schema\/person\/28cf77794d5e5da6baae01097f7f3b8e\",\"name\":\"politikundrechterleben\",\"image\":{\"@type\":\"ImageObject\",\"inLanguage\":\"de\",\"@id\":\"https:\/\/politikundrechterleben.uni-goettingen.de\/wordpress\/#\/schema\/person\/image\/\",\"url\":\"https:\/\/secure.gravatar.com\/avatar\/5176211128413cac5e27b7bb725a6b5a64725c90e12735b9fd60127118a3f66b?s=96&d=mm&r=g\",\"contentUrl\":\"https:\/\/secure.gravatar.com\/avatar\/5176211128413cac5e27b7bb725a6b5a64725c90e12735b9fd60127118a3f66b?s=96&d=mm&r=g\",\"caption\":\"politikundrechterleben\"},\"url\":\"https:\/\/politikundrechterleben.uni-goettingen.de\/wordpress\/author\/laurakrug\/\"}]}<\/script>\n<!-- \/ Yoast SEO plugin. -->","yoast_head_json":{"title":"Unser Projekt zu Gast beim StadtRadio G\u00f6ttingen - Politik und Recht erleben","robots":{"index":"index","follow":"follow","max-snippet":"max-snippet:-1","max-image-preview":"max-image-preview:large","max-video-preview":"max-video-preview:-1"},"canonical":"https:\/\/politikundrechterleben.uni-goettingen.de\/wordpress\/2022\/09\/5677\/","og_locale":"de_DE","og_type":"article","og_title":"Unser Projekt zu Gast beim StadtRadio G\u00f6ttingen - Politik und Recht erleben","og_url":"https:\/\/politikundrechterleben.uni-goettingen.de\/wordpress\/2022\/09\/5677\/","og_site_name":"Politik und Recht erleben","article_published_time":"2022-09-02T06:42:28+00:00","article_modified_time":"2022-09-02T16:06:32+00:00","og_image":[{"width":495,"height":495,"url":"https:\/\/politikundrechterleben.uni-goettingen.de\/wordpress\/wp-content\/uploads\/2022\/09\/Bildschirmfoto-2022-09-02-um-18.05.14.png","type":"image\/png"}],"author":"politikundrechterleben","twitter_card":"summary_large_image","twitter_misc":{"Verfasst von":"politikundrechterleben","Gesch\u00e4tzte Lesezeit":"8\u00a0Minuten"},"schema":{"@context":"https:\/\/schema.org","@graph":[{"@type":"Article","@id":"https:\/\/politikundrechterleben.uni-goettingen.de\/wordpress\/2022\/09\/5677\/#article","isPartOf":{"@id":"https:\/\/politikundrechterleben.uni-goettingen.de\/wordpress\/2022\/09\/5677\/"},"author":{"name":"politikundrechterleben","@id":"https:\/\/politikundrechterleben.uni-goettingen.de\/wordpress\/#\/schema\/person\/28cf77794d5e5da6baae01097f7f3b8e"},"headline":"Unser Projekt zu Gast beim StadtRadio G\u00f6ttingen","datePublished":"2022-09-02T06:42:28+00:00","dateModified":"2022-09-02T16:06:32+00:00","mainEntityOfPage":{"@id":"https:\/\/politikundrechterleben.uni-goettingen.de\/wordpress\/2022\/09\/5677\/"},"wordCount":1662,"commentCount":0,"publisher":{"@id":"https:\/\/politikundrechterleben.uni-goettingen.de\/wordpress\/#organization"},"inLanguage":"de","potentialAction":[{"@type":"CommentAction","name":"Comment","target":["https:\/\/politikundrechterleben.uni-goettingen.de\/wordpress\/2022\/09\/5677\/#respond"]}]},{"@type":"WebPage","@id":"https:\/\/politikundrechterleben.uni-goettingen.de\/wordpress\/2022\/09\/5677\/","url":"https:\/\/politikundrechterleben.uni-goettingen.de\/wordpress\/2022\/09\/5677\/","name":"Unser Projekt zu Gast beim StadtRadio G\u00f6ttingen - Politik und Recht erleben","isPartOf":{"@id":"https:\/\/politikundrechterleben.uni-goettingen.de\/wordpress\/#website"},"datePublished":"2022-09-02T06:42:28+00:00","dateModified":"2022-09-02T16:06:32+00:00","breadcrumb":{"@id":"https:\/\/politikundrechterleben.uni-goettingen.de\/wordpress\/2022\/09\/5677\/#breadcrumb"},"inLanguage":"de","potentialAction":[{"@type":"ReadAction","target":["https:\/\/politikundrechterleben.uni-goettingen.de\/wordpress\/2022\/09\/5677\/"]}]},{"@type":"BreadcrumbList","@id":"https:\/\/politikundrechterleben.uni-goettingen.de\/wordpress\/2022\/09\/5677\/#breadcrumb","itemListElement":[{"@type":"ListItem","position":1,"name":"Startseite","item":"https:\/\/politikundrechterleben.uni-goettingen.de\/wordpress\/"},{"@type":"ListItem","position":2,"name":"Unser Projekt zu Gast beim StadtRadio G\u00f6ttingen"}]},{"@type":"WebSite","@id":"https:\/\/politikundrechterleben.uni-goettingen.de\/wordpress\/#website","url":"https:\/\/politikundrechterleben.uni-goettingen.de\/wordpress\/","name":"Politik und Recht erleben","description":"Die Seite zum Projekt &quot;Politik und Recht erleben&quot;","publisher":{"@id":"https:\/\/politikundrechterleben.uni-goettingen.de\/wordpress\/#organization"},"potentialAction":[{"@type":"SearchAction","target":{"@type":"EntryPoint","urlTemplate":"https:\/\/politikundrechterleben.uni-goettingen.de\/wordpress\/?s={search_term_string}"},"query-input":"required name=search_term_string"}],"inLanguage":"de"},{"@type":"Organization","@id":"https:\/\/politikundrechterleben.uni-goettingen.de\/wordpress\/#organization","name":"Politik und Recht erleben Universit\u00e4t G\u00f6ttingen","url":"https:\/\/politikundrechterleben.uni-goettingen.de\/wordpress\/","logo":{"@type":"ImageObject","inLanguage":"de","@id":"https:\/\/politikundrechterleben.uni-goettingen.de\/wordpress\/#\/schema\/logo\/image\/","url":"https:\/\/politikundrechterleben.uni-goettingen.de\/wordpress\/wp-content\/uploads\/2022\/12\/Skyline-scaled.jpg","contentUrl":"https:\/\/politikundrechterleben.uni-goettingen.de\/wordpress\/wp-content\/uploads\/2022\/12\/Skyline-scaled.jpg","width":2560,"height":1919,"caption":"Politik und Recht erleben Universit\u00e4t G\u00f6ttingen"},"image":{"@id":"https:\/\/politikundrechterleben.uni-goettingen.de\/wordpress\/#\/schema\/logo\/image\/"}},{"@type":"Person","@id":"https:\/\/politikundrechterleben.uni-goettingen.de\/wordpress\/#\/schema\/person\/28cf77794d5e5da6baae01097f7f3b8e","name":"politikundrechterleben","image":{"@type":"ImageObject","inLanguage":"de","@id":"https:\/\/politikundrechterleben.uni-goettingen.de\/wordpress\/#\/schema\/person\/image\/","url":"https:\/\/secure.gravatar.com\/avatar\/5176211128413cac5e27b7bb725a6b5a64725c90e12735b9fd60127118a3f66b?s=96&d=mm&r=g","contentUrl":"https:\/\/secure.gravatar.com\/avatar\/5176211128413cac5e27b7bb725a6b5a64725c90e12735b9fd60127118a3f66b?s=96&d=mm&r=g","caption":"politikundrechterleben"},"url":"https:\/\/politikundrechterleben.uni-goettingen.de\/wordpress\/author\/laurakrug\/"}]}},"_links":{"self":[{"href":"https:\/\/politikundrechterleben.uni-goettingen.de\/wordpress\/wp-json\/wp\/v2\/posts\/5677","targetHints":{"allow":["GET"]}}],"collection":[{"href":"https:\/\/politikundrechterleben.uni-goettingen.de\/wordpress\/wp-json\/wp\/v2\/posts"}],"about":[{"href":"https:\/\/politikundrechterleben.uni-goettingen.de\/wordpress\/wp-json\/wp\/v2\/types\/post"}],"author":[{"embeddable":true,"href":"https:\/\/politikundrechterleben.uni-goettingen.de\/wordpress\/wp-json\/wp\/v2\/users\/3"}],"replies":[{"embeddable":true,"href":"https:\/\/politikundrechterleben.uni-goettingen.de\/wordpress\/wp-json\/wp\/v2\/comments?post=5677"}],"version-history":[{"count":2,"href":"https:\/\/politikundrechterleben.uni-goettingen.de\/wordpress\/wp-json\/wp\/v2\/posts\/5677\/revisions"}],"predecessor-version":[{"id":5683,"href":"https:\/\/politikundrechterleben.uni-goettingen.de\/wordpress\/wp-json\/wp\/v2\/posts\/5677\/revisions\/5683"}],"wp:featuredmedia":[{"embeddable":true,"href":"https:\/\/politikundrechterleben.uni-goettingen.de\/wordpress\/wp-json\/wp\/v2\/media\/5829"}],"wp:attachment":[{"href":"https:\/\/politikundrechterleben.uni-goettingen.de\/wordpress\/wp-json\/wp\/v2\/media?parent=5677"}],"wp:term":[{"taxonomy":"category","embeddable":true,"href":"https:\/\/politikundrechterleben.uni-goettingen.de\/wordpress\/wp-json\/wp\/v2\/categories?post=5677"},{"taxonomy":"post_tag","embeddable":true,"href":"https:\/\/politikundrechterleben.uni-goettingen.de\/wordpress\/wp-json\/wp\/v2\/tags?post=5677"}],"curies":[{"name":"wp","href":"https:\/\/api.w.org\/{rel}","templated":true}]}}